{"id":14170,"date":"2025-05-15T14:42:55","date_gmt":"2025-05-15T14:42:55","guid":{"rendered":"https:\/\/www.cupomviagem.com.br\/?p=14170"},"modified":"2025-05-15T14:47:18","modified_gmt":"2025-05-15T14:47:18","slug":"quando-comecou-o-bolsa-familia-um-marco-na-luta-contra-a-pobreza-no-brasil","status":"publish","type":"post","link":"https:\/\/www.cupomviagem.com.br\/es\/quando-comecou-o-bolsa-familia-um-marco-na-luta-contra-a-pobreza-no-brasil\/","title":{"rendered":"Cuando empez\u00f3 Bolsa Fam\u00edlia: un hito en la lucha contra la pobreza en Brasil"},"content":{"rendered":"<div data-elementor-type=\"wp-post\" data-elementor-id=\"14170\" class=\"elementor elementor-14170\" data-elementor-post-type=\"post\">\n\t\t\t\t\t\t<section class=\"elementor-section elementor-top-section elementor-element elementor-element-67f42ab elementor-section-boxed elementor-section-height-default elementor-section-height-default\" data-id=\"67f42ab\" data-element_type=\"section\" data-e-type=\"section\">\n\t\t\t\t\t\t<div class=\"elementor-container elementor-column-gap-default\">\n\t\t\t\t\t<div class=\"elementor-column elementor-col-100 elementor-top-column elementor-element elementor-element-f765182\" data-id=\"f765182\" data-element_type=\"column\" data-e-type=\"column\">\n\t\t\t<div class=\"elementor-widget-wrap elementor-element-populated\">\n\t\t\t\t\t\t<div class=\"elementor-element elementor-element-fd37e6f elementor-widget elementor-widget-text-editor\" data-id=\"fd37e6f\" data-element_type=\"widget\" data-e-type=\"widget\" data-widget_type=\"text-editor.default\">\n\t\t\t\t<div class=\"elementor-widget-container\">\n\t\t\t\t\t\t\t\t\t<p>Bolsa Fam\u00edlia es uno de los programas sociales m\u00e1s importantes de Brasil, creado para combatir la pobreza y promover la inclusi\u00f3n social.\u00a0<\/p><p>Puesto en marcha el 20 de octubre de 2003, el programa re\u00fane diversas iniciativas de asistencia social existentes, ofreciendo ayuda financiera a millones de familias vulnerables.\u00a0<\/p><p>En este art\u00edculo, exploraremos los or\u00edgenes de Bolsa Fam\u00edlia, sus objetivos, impactos y la importancia de este programa en la sociedad brasile\u00f1a.<\/p>\t\t\t\t\t\t\t\t<\/div>\n\t\t\t\t<\/div>\n\t\t\t\t\t<\/div>\n\t\t<\/div>\n\t\t\t\t\t<\/div>\n\t\t<\/section>\n\t\t\t\t<section class=\"elementor-section elementor-top-section elementor-element elementor-element-fa5c148 elementor-section-boxed elementor-section-height-default elementor-section-height-default\" data-id=\"fa5c148\" data-element_type=\"section\" data-e-type=\"section\">\n\t\t\t\t\t\t<div class=\"elementor-container elementor-column-gap-default\">\n\t\t\t\t\t<div class=\"elementor-column elementor-col-100 elementor-top-column elementor-element elementor-element-4e83c4e\" data-id=\"4e83c4e\" data-element_type=\"column\" data-e-type=\"column\">\n\t\t\t<div class=\"elementor-widget-wrap elementor-element-populated\">\n\t\t\t\t\t\t<div class=\"elementor-element elementor-element-353c9ba elementor-widget elementor-widget-image\" data-id=\"353c9ba\" data-element_type=\"widget\" data-e-type=\"widget\" data-widget_type=\"image.default\">\n\t\t\t\t<div class=\"elementor-widget-container\">\n\t\t\t\t\t\t\t\t\t\t\t\t\t\t\t<img fetchpriority=\"high\" decoding=\"async\" width=\"400\" height=\"225\" src=\"https:\/\/www.cupomviagem.com.br\/wp-content\/uploads\/2025\/05\/MODELO-5.png\" class=\"attachment-large size-large wp-image-14184\" alt=\"Cuando empez\u00f3 Bolsa Fam\u00edlia\" srcset=\"https:\/\/www.cupomviagem.com.br\/wp-content\/uploads\/2025\/05\/MODELO-5.png 400w, https:\/\/www.cupomviagem.com.br\/wp-content\/uploads\/2025\/05\/MODELO-5-300x169.png 300w, https:\/\/www.cupomviagem.com.br\/wp-content\/uploads\/2025\/05\/MODELO-5-18x10.png 18w\" sizes=\"(max-width: 400px) 100vw, 400px\" \/>\t\t\t\t\t\t\t\t\t\t\t\t\t\t\t<\/div>\n\t\t\t\t<\/div>\n\t\t\t\t\t<\/div>\n\t\t<\/div>\n\t\t\t\t\t<\/div>\n\t\t<\/section>\n\t\t\t\t<section class=\"elementor-section elementor-top-section elementor-element elementor-element-27986db elementor-section-boxed elementor-section-height-default elementor-section-height-default\" data-id=\"27986db\" data-element_type=\"section\" data-e-type=\"section\">\n\t\t\t\t\t\t<div class=\"elementor-container elementor-column-gap-default\">\n\t\t\t\t\t<div class=\"elementor-column elementor-col-100 elementor-top-column elementor-element elementor-element-cc89816\" data-id=\"cc89816\" data-element_type=\"column\" data-e-type=\"column\">\n\t\t\t<div class=\"elementor-widget-wrap elementor-element-populated\">\n\t\t\t\t\t\t<div class=\"elementor-element elementor-element-bb38cee elementor-widget elementor-widget-text-editor\" data-id=\"bb38cee\" data-element_type=\"widget\" data-e-type=\"widget\" data-widget_type=\"text-editor.default\">\n\t\t\t\t<div class=\"elementor-widget-container\">\n\t\t\t\t\t\t\t\t\t<h3>Antecedentes de la creaci\u00f3n de Bolsa Familia<\/h3><p>La creaci\u00f3n de Bolsa Familia lleg\u00f3 en un momento cr\u00edtico para Brasil.\u00a0<\/p><p>En la d\u00e9cada de 2000, el pa\u00eds se enfrentaba a altos niveles de desigualdad social y una proporci\u00f3n significativa de la poblaci\u00f3n viv\u00eda por debajo del umbral de pobreza.\u00a0<\/p><p>Para combatir esta situaci\u00f3n, el gobierno federal buscaba una soluci\u00f3n que unificara los diversos programas sociales fragmentados.<\/p><p>Antes de Bolsa Fam\u00edlia, exist\u00edan programas como Bolsa Escola y Bolsa Alimenta\u00e7\u00e3o, que respond\u00edan a necesidades espec\u00edficas pero no abordaban el problema de la pobreza de forma integrada.\u00a0<\/p><p>Como consecuencia, la inclusi\u00f3n social de las familias era limitada y muchas no pod\u00edan acceder a las prestaciones disponibles.<\/p><h3>Caracter\u00edsticas del programa<\/h3><p>Bolsa Fam\u00edlia es un programa de transferencias monetarias destinado a las familias con una renta per c\u00e1pita inferior a un determinado umbral. El valor de la prestaci\u00f3n var\u00eda en funci\u00f3n de la composici\u00f3n de la familia.\u00a0<\/p><p>Para recibir ayuda hay que cumplir ciertas condiciones, como que los ni\u00f1os est\u00e9n escolarizados y que la familia tenga acceso a servicios sanitarios.<\/p><p>Estos requisitos no s\u00f3lo pretenden proporcionar ayuda financiera, sino tambi\u00e9n promover el desarrollo social.\u00a0<\/p><p>El programa fomenta la educaci\u00f3n, ayudando a las nuevas generaciones a tener m\u00e1s oportunidades de ascender en la escala social.<\/p>\t\t\t\t\t\t\t\t<\/div>\n\t\t\t\t<\/div>\n\t\t\t\t\t<\/div>\n\t\t<\/div>\n\t\t\t\t\t<\/div>\n\t\t<\/section>\n\t\t\t\t<section class=\"elementor-section elementor-top-section elementor-element elementor-element-353d3da elementor-section-boxed elementor-section-height-default elementor-section-height-default\" data-id=\"353d3da\" data-element_type=\"section\" data-e-type=\"section\">\n\t\t\t\t\t\t<div class=\"elementor-container elementor-column-gap-default\">\n\t\t\t\t\t<div class=\"elementor-column elementor-col-100 elementor-top-column elementor-element elementor-element-c1f8eca\" data-id=\"c1f8eca\" data-element_type=\"column\" data-e-type=\"column\">\n\t\t\t<div class=\"elementor-widget-wrap elementor-element-populated\">\n\t\t\t\t\t\t<div class=\"elementor-element elementor-element-0518a4a elementor-widget-divider--view-line elementor-widget elementor-widget-divider\" data-id=\"0518a4a\" data-element_type=\"widget\" data-e-type=\"widget\" data-widget_type=\"divider.default\">\n\t\t\t\t<div class=\"elementor-widget-container\">\n\t\t\t\t\t\t\t<div class=\"elementor-divider\">\n\t\t\t<span class=\"elementor-divider-separator\">\n\t\t\t\t\t\t<\/span>\n\t\t<\/div>\n\t\t\t\t\t\t<\/div>\n\t\t\t\t<\/div>\n\t\t\t\t<div class=\"elementor-element elementor-element-db97c31 elementor-widget elementor-widget-text-editor\" data-id=\"db97c31\" data-element_type=\"widget\" data-e-type=\"widget\" data-widget_type=\"text-editor.default\">\n\t\t\t\t<div class=\"elementor-widget-container\">\n\t\t\t\t\t\t\t\t\t<ul><li class=\"elementor-post__title\"><a href=\"https:\/\/www.cupomviagem.com.br\/es\/quando-foi-criado-o-bolsa-familia-uma-revolucao-no-combate-a-pobreza-no-brasil\/\">Cuando se cre\u00f3 Bolsa Familia: una revoluci\u00f3n en la lucha contra la pobreza en Brasil<\/a><\/li><\/ul>\t\t\t\t\t\t\t\t<\/div>\n\t\t\t\t<\/div>\n\t\t\t\t<div class=\"elementor-element elementor-element-60f996d elementor-widget elementor-widget-text-editor\" data-id=\"60f996d\" data-element_type=\"widget\" data-e-type=\"widget\" data-widget_type=\"text-editor.default\">\n\t\t\t\t<div class=\"elementor-widget-container\">\n\t\t\t\t\t\t\t\t\t<ul><li class=\"elementor-post__title\"><a href=\"https:\/\/www.cupomviagem.com.br\/es\/score-no-serasa-o-que-e-e-como-consulta-lo\/\">Puntuaci\u00f3n Serasa: \u00bfQu\u00e9 es y c\u00f3mo comprobarla?<\/a><\/li><\/ul>\t\t\t\t\t\t\t\t<\/div>\n\t\t\t\t<\/div>\n\t\t\t\t<div class=\"elementor-element elementor-element-b2dbe63 elementor-widget elementor-widget-text-editor\" data-id=\"b2dbe63\" data-element_type=\"widget\" data-e-type=\"widget\" data-widget_type=\"text-editor.default\">\n\t\t\t\t<div class=\"elementor-widget-container\">\n\t\t\t\t\t\t\t\t\t<ul><li class=\"elementor-post__title\"><a href=\"https:\/\/www.cupomviagem.com.br\/es\/quanto-vale-1-000-milhas-smiles-em-reais-entenda-o-valor-das-suas-milhas\/\">\u00bfCu\u00e1nto valen 1.000 Millas Smiles en Reales? Comprenda el Valor de sus Millas<\/a><\/li><\/ul>\t\t\t\t\t\t\t\t<\/div>\n\t\t\t\t<\/div>\n\t\t\t\t<div class=\"elementor-element elementor-element-5e5b408 elementor-widget-divider--view-line elementor-widget elementor-widget-divider\" data-id=\"5e5b408\" data-element_type=\"widget\" data-e-type=\"widget\" data-widget_type=\"divider.default\">\n\t\t\t\t<div class=\"elementor-widget-container\">\n\t\t\t\t\t\t\t<div class=\"elementor-divider\">\n\t\t\t<span class=\"elementor-divider-separator\">\n\t\t\t\t\t\t<\/span>\n\t\t<\/div>\n\t\t\t\t\t\t<\/div>\n\t\t\t\t<\/div>\n\t\t\t\t\t<\/div>\n\t\t<\/div>\n\t\t\t\t\t<\/div>\n\t\t<\/section>\n\t\t\t\t<section class=\"elementor-section elementor-top-section elementor-element elementor-element-e3f5ef2 elementor-section-boxed elementor-section-height-default elementor-section-height-default\" data-id=\"e3f5ef2\" data-element_type=\"section\" data-e-type=\"section\">\n\t\t\t\t\t\t<div class=\"elementor-container elementor-column-gap-default\">\n\t\t\t\t\t<div class=\"elementor-column elementor-col-100 elementor-top-column elementor-element elementor-element-e93a57a\" data-id=\"e93a57a\" data-element_type=\"column\" data-e-type=\"column\">\n\t\t\t<div class=\"elementor-widget-wrap elementor-element-populated\">\n\t\t\t\t\t\t<div class=\"elementor-element elementor-element-efec81b elementor-widget elementor-widget-text-editor\" data-id=\"efec81b\" data-element_type=\"widget\" data-e-type=\"widget\" data-widget_type=\"text-editor.default\">\n\t\t\t\t<div class=\"elementor-widget-container\">\n\t\t\t\t\t\t\t\t\t<h3>\u00bfC\u00f3mo funciona Bolsa Familia?<\/h3><p>El funcionamiento de Bolsa Fam\u00edlia es relativamente sencillo. El gobierno federal inscribe a las familias que cumplen los criterios de renta.\u00a0<\/p><p>Tras la validaci\u00f3n, los beneficiarios reciben una tarjeta que les permite retirar la ayuda en sucursales bancarias y loter\u00edas.<\/p><p>La cuant\u00eda de la prestaci\u00f3n se basa en la composici\u00f3n de la familia y en criterios de ingresos. Por ejemplo, las familias con ni\u00f1os o embarazadas pueden recibir cuant\u00edas adicionales.\u00a0<\/p><p>Esta estructura busca satisfacer las necesidades espec\u00edficas de los grupos m\u00e1s vulnerables, garantizando una mejor calidad de vida.<\/p><h3>Impacto del programa en la sociedad<\/h3><p>Desde su lanzamiento, Bolsa Fam\u00edlia ha tenido un impacto significativo en la vida de millones de brasile\u00f1os. Se calcula que m\u00e1s de 13 millones de familias se benefician de \u00e9l cada a\u00f1o.\u00a0<\/p><p>El programa ha sido fundamental para reducir la pobreza extrema y mejorar indicadores sociales como la mortalidad infantil y las tasas de escolarizaci\u00f3n.<\/p><p>Uno de los efectos m\u00e1s notables de Bolsa Fam\u00edlia fue la reducci\u00f3n de las desigualdades sociales.\u00a0<\/p><p>Las regiones que hist\u00f3ricamente se han enfrentado a mayores retos, como el noreste, han hecho grandes progresos con la aplicaci\u00f3n del programa.\u00a0<\/p><p>Esto demuestra c\u00f3mo una pol\u00edtica p\u00fablica bien estructurada puede marcar la diferencia en la vida de las personas.<\/p><h3>El papel de Bolsa Fam\u00edlia en la econom\u00eda<\/h3><p>Bolsa Fam\u00edlia no s\u00f3lo ayuda a las familias en situaci\u00f3n vulnerable, sino que tambi\u00e9n tiene un impacto positivo en la econom\u00eda local.\u00a0<\/p><p>El dinero que reciben las familias se utiliza en gran parte para comprar alimentos y servicios b\u00e1sicos.\u00a0<\/p><p>Esto genera un aumento de la demanda de los comercios locales, lo que beneficia a los peque\u00f1os comerciantes y contribuye a reforzar la econom\u00eda regional.<\/p><p>Durante las crisis econ\u00f3micas, Bolsa Fam\u00edlia demostr\u00f3 ser un importante mecanismo de protecci\u00f3n social.\u00a0<\/p><p>En tiempos de recesi\u00f3n, el programa act\u00faa como amortiguador, garantizando que las familias dispongan de los recursos necesarios para cubrir sus necesidades b\u00e1sicas.<\/p><h3>Cr\u00edticas y retos de Bolsa Fam\u00edlia<\/h3><p>A pesar de los \u00e9xitos y beneficios del programa, Bolsa Fam\u00edlia tambi\u00e9n se enfrenta a cr\u00edticas y desaf\u00edos.\u00a0<\/p><p>Algunos cr\u00edticos sostienen que la dependencia de los programas de transferencias monetarias puede desincentivar la b\u00fasqueda de empleo y la autonom\u00eda econ\u00f3mica.\u00a0<\/p><p>Sin embargo, las investigaciones muestran que muchos beneficiarios utilizan las ayudas del programa para invertir en educaci\u00f3n y oportunidades de empleo.<\/p><p>Otro reto importante es la gesti\u00f3n de Bolsa Fam\u00edlia. La supervisi\u00f3n y el control de las transferencias son esenciales para garantizar que los fondos lleguen realmente a quienes m\u00e1s los necesitan.\u00a0<\/p><p>A lo largo de los a\u00f1os se han producido casos de fraude e irregularidades, lo que exige un esfuerzo constante por parte del gobierno para mejorar los mecanismos de control.<\/p><h3>El futuro de Bolsa Familia<\/h3><p>En los \u00faltimos a\u00f1os, el programa ha experimentado cambios significativos. En 2021, el Gobierno anunci\u00f3 la reestructuraci\u00f3n de Bolsa Fam\u00edlia, dando lugar a Aux\u00edlio Brasil.\u00a0<\/p><p>La intenci\u00f3n es ampliar el alcance y las prestaciones, haciendo que el programa sea m\u00e1s eficaz y adecuado a las necesidades actuales de la poblaci\u00f3n.<\/p><p>La expectativa es que Aux\u00edlio Brasil mantenga y ampl\u00ede los principios de Bolsa Fam\u00edlia, garantizando el apoyo a las familias en situaci\u00f3n de vulnerabilidad, al tiempo que promueve la inclusi\u00f3n social y el acceso a los servicios esenciales.<\/p><h3>Consideraciones Finales<\/h3><p>Bolsa Fam\u00edlia, creada el 20 de octubre de 2003, representa un hito en la historia de las pol\u00edticas sociales en Brasil.\u00a0<\/p><p>Con sus objetivos de reducci\u00f3n de la pobreza y fomento de la inclusi\u00f3n social, el programa se ha consolidado como una de las principales herramientas en la lucha contra la desigualdad.<\/p><p>Los impactos positivos de Bolsa Fam\u00edlia son evidentes en la vida de millones de brasile\u00f1os, mejorando no s\u00f3lo la condici\u00f3n financiera de las familias, sino tambi\u00e9n promoviendo la salud, la educaci\u00f3n y las oportunidades de crecimiento.\u00a0<\/p><p>A pesar de los retos y las cr\u00edticas, el programa es un ejemplo de c\u00f3mo unas pol\u00edticas p\u00fablicas bien dise\u00f1adas pueden transformar la realidad de un pa\u00eds.<\/p><p>A medida que Brasil avanza, es esencial seguir invirtiendo en programas que apoyen a los m\u00e1s vulnerables y busquen una sociedad m\u00e1s justa e igualitaria.\u00a0<\/p><p>El legado de Bolsa Fam\u00edlia y sus lecciones deben preservarse y adaptarse para hacer frente a los retos futuros del pa\u00eds.<\/p>\t\t\t\t\t\t\t\t<\/div>\n\t\t\t\t<\/div>\n\t\t\t\t\t<\/div>\n\t\t<\/div>\n\t\t\t\t\t<\/div>\n\t\t<\/section>\n\t\t\t\t<\/div>","protected":false},"excerpt":{"rendered":"<p>O Bolsa Fam\u00edlia \u00e9 um dos programas sociais mais importantes do Brasil, criado para enfrentar a pobreza e promover a inclus\u00e3o social. Implementado em 20 de outubro de 2003, o programa re\u00fane diversas iniciativas de assist\u00eancia social j\u00e1 existentes, oferecendo apoio financeiro a milh\u00f5es de fam\u00edlias em situa\u00e7\u00e3o de vulnerabilidade. Neste artigo, vamos explorar a [&hellip;]<\/p>\n","protected":false},"author":1,"featured_media":14184,"comment_status":"open","ping_status":"open","sticky":false,"template":"","format":"standard","meta":{"footnotes":""},"categories":[904],"tags":[],"class_list":["post-14170","post","type-post","status-publish","format-standard","has-post-thumbnail","hentry","category-noticias"],"yoast_head":"<!-- This site is optimized with the Yoast SEO plugin v27.5 - https:\/\/yoast.com\/product\/yoast-seo-wordpress\/ -->\n<title>Quando Come\u00e7ou o Bolsa Fam\u00edlia: Um Marco na Luta Contra a Pobreza no Brasil -<\/title>\n<meta name=\"robots\" content=\"index, follow, max-snippet:-1, max-image-preview:large, max-video-preview:-1\" \/>\n<link rel=\"canonical\" href=\"https:\/\/www.cupomviagem.com.br\/es\/quando-comecou-o-bolsa-familia-um-marco-na-luta-contra-a-pobreza-no-brasil\/\" \/>\n<meta property=\"og:locale\" content=\"es_MX\" \/>\n<meta property=\"og:type\" content=\"article\" \/>\n<meta property=\"og:title\" content=\"Quando Come\u00e7ou o Bolsa Fam\u00edlia: Um Marco na Luta Contra a Pobreza no Brasil -\" \/>\n<meta property=\"og:description\" content=\"O Bolsa Fam\u00edlia \u00e9 um dos programas sociais mais importantes do Brasil, criado para enfrentar a pobreza e promover a inclus\u00e3o social. Implementado em 20 de outubro de 2003, o programa re\u00fane diversas iniciativas de assist\u00eancia social j\u00e1 existentes, oferecendo apoio financeiro a milh\u00f5es de fam\u00edlias em situa\u00e7\u00e3o de vulnerabilidade. Neste artigo, vamos explorar a [&hellip;]\" \/>\n<meta property=\"og:url\" content=\"https:\/\/www.cupomviagem.com.br\/es\/quando-comecou-o-bolsa-familia-um-marco-na-luta-contra-a-pobreza-no-brasil\/\" \/>\n<meta property=\"article:published_time\" content=\"2025-05-15T14:42:55+00:00\" \/>\n<meta property=\"article:modified_time\" content=\"2025-05-15T14:47:18+00:00\" \/>\n<meta property=\"og:image\" content=\"https:\/\/www.cupomviagem.com.br\/wp-content\/uploads\/2025\/05\/MODELO-5.png\" \/>\n\t<meta property=\"og:image:width\" content=\"400\" \/>\n\t<meta property=\"og:image:height\" content=\"225\" \/>\n\t<meta property=\"og:image:type\" content=\"image\/png\" \/>\n<meta name=\"author\" content=\"Taroco\" \/>\n<meta name=\"twitter:card\" content=\"summary_large_image\" \/>\n<meta name=\"twitter:label1\" content=\"Escrito por\" \/>\n\t<meta name=\"twitter:data1\" content=\"Taroco\" \/>\n\t<meta name=\"twitter:label2\" content=\"Tiempo de lectura\" \/>\n\t<meta name=\"twitter:data2\" content=\"6 minutos\" \/>\n<script type=\"application\/ld+json\" class=\"yoast-schema-graph\">{\"@context\":\"https:\\\/\\\/schema.org\",\"@graph\":[{\"@type\":\"Article\",\"@id\":\"https:\\\/\\\/www.cupomviagem.com.br\\\/quando-comecou-o-bolsa-familia-um-marco-na-luta-contra-a-pobreza-no-brasil\\\/#article\",\"isPartOf\":{\"@id\":\"https:\\\/\\\/www.cupomviagem.com.br\\\/quando-comecou-o-bolsa-familia-um-marco-na-luta-contra-a-pobreza-no-brasil\\\/\"},\"author\":{\"name\":\"Taroco\",\"@id\":\"https:\\\/\\\/www.cupomviagem.com.br\\\/#\\\/schema\\\/person\\\/563d45942ed85c3139c0e7e58f07767a\"},\"headline\":\"Quando Come\u00e7ou o Bolsa Fam\u00edlia: Um Marco na Luta Contra a Pobreza no Brasil\",\"datePublished\":\"2025-05-15T14:42:55+00:00\",\"dateModified\":\"2025-05-15T14:47:18+00:00\",\"mainEntityOfPage\":{\"@id\":\"https:\\\/\\\/www.cupomviagem.com.br\\\/quando-comecou-o-bolsa-familia-um-marco-na-luta-contra-a-pobreza-no-brasil\\\/\"},\"wordCount\":1105,\"commentCount\":0,\"image\":{\"@id\":\"https:\\\/\\\/www.cupomviagem.com.br\\\/quando-comecou-o-bolsa-familia-um-marco-na-luta-contra-a-pobreza-no-brasil\\\/#primaryimage\"},\"thumbnailUrl\":\"https:\\\/\\\/www.cupomviagem.com.br\\\/wp-content\\\/uploads\\\/2025\\\/05\\\/MODELO-5.png\",\"articleSection\":[\"Not\u00edcias\"],\"inLanguage\":\"es\",\"potentialAction\":[{\"@type\":\"CommentAction\",\"name\":\"Comment\",\"target\":[\"https:\\\/\\\/www.cupomviagem.com.br\\\/quando-comecou-o-bolsa-familia-um-marco-na-luta-contra-a-pobreza-no-brasil\\\/#respond\"]}]},{\"@type\":\"WebPage\",\"@id\":\"https:\\\/\\\/www.cupomviagem.com.br\\\/quando-comecou-o-bolsa-familia-um-marco-na-luta-contra-a-pobreza-no-brasil\\\/\",\"url\":\"https:\\\/\\\/www.cupomviagem.com.br\\\/quando-comecou-o-bolsa-familia-um-marco-na-luta-contra-a-pobreza-no-brasil\\\/\",\"name\":\"Quando Come\u00e7ou o Bolsa Fam\u00edlia: Um Marco na Luta Contra a Pobreza no Brasil -\",\"isPartOf\":{\"@id\":\"https:\\\/\\\/www.cupomviagem.com.br\\\/#website\"},\"primaryImageOfPage\":{\"@id\":\"https:\\\/\\\/www.cupomviagem.com.br\\\/quando-comecou-o-bolsa-familia-um-marco-na-luta-contra-a-pobreza-no-brasil\\\/#primaryimage\"},\"image\":{\"@id\":\"https:\\\/\\\/www.cupomviagem.com.br\\\/quando-comecou-o-bolsa-familia-um-marco-na-luta-contra-a-pobreza-no-brasil\\\/#primaryimage\"},\"thumbnailUrl\":\"https:\\\/\\\/www.cupomviagem.com.br\\\/wp-content\\\/uploads\\\/2025\\\/05\\\/MODELO-5.png\",\"datePublished\":\"2025-05-15T14:42:55+00:00\",\"dateModified\":\"2025-05-15T14:47:18+00:00\",\"author\":{\"@id\":\"https:\\\/\\\/www.cupomviagem.com.br\\\/#\\\/schema\\\/person\\\/563d45942ed85c3139c0e7e58f07767a\"},\"breadcrumb\":{\"@id\":\"https:\\\/\\\/www.cupomviagem.com.br\\\/quando-comecou-o-bolsa-familia-um-marco-na-luta-contra-a-pobreza-no-brasil\\\/#breadcrumb\"},\"inLanguage\":\"es\",\"potentialAction\":[{\"@type\":\"ReadAction\",\"target\":[\"https:\\\/\\\/www.cupomviagem.com.br\\\/quando-comecou-o-bolsa-familia-um-marco-na-luta-contra-a-pobreza-no-brasil\\\/\"]}]},{\"@type\":\"ImageObject\",\"inLanguage\":\"es\",\"@id\":\"https:\\\/\\\/www.cupomviagem.com.br\\\/quando-comecou-o-bolsa-familia-um-marco-na-luta-contra-a-pobreza-no-brasil\\\/#primaryimage\",\"url\":\"https:\\\/\\\/www.cupomviagem.com.br\\\/wp-content\\\/uploads\\\/2025\\\/05\\\/MODELO-5.png\",\"contentUrl\":\"https:\\\/\\\/www.cupomviagem.com.br\\\/wp-content\\\/uploads\\\/2025\\\/05\\\/MODELO-5.png\",\"width\":400,\"height\":225,\"caption\":\"Quando Come\u00e7ou o Bolsa Fam\u00edlia\"},{\"@type\":\"BreadcrumbList\",\"@id\":\"https:\\\/\\\/www.cupomviagem.com.br\\\/quando-comecou-o-bolsa-familia-um-marco-na-luta-contra-a-pobreza-no-brasil\\\/#breadcrumb\",\"itemListElement\":[{\"@type\":\"ListItem\",\"position\":1,\"name\":\"In\u00edcio\",\"item\":\"https:\\\/\\\/www.cupomviagem.com.br\\\/\"},{\"@type\":\"ListItem\",\"position\":2,\"name\":\"Quando Come\u00e7ou o Bolsa Fam\u00edlia: Um Marco na Luta Contra a Pobreza no Brasil\"}]},{\"@type\":\"WebSite\",\"@id\":\"https:\\\/\\\/www.cupomviagem.com.br\\\/#website\",\"url\":\"https:\\\/\\\/www.cupomviagem.com.br\\\/\",\"name\":\"\",\"description\":\"\",\"potentialAction\":[{\"@type\":\"SearchAction\",\"target\":{\"@type\":\"EntryPoint\",\"urlTemplate\":\"https:\\\/\\\/www.cupomviagem.com.br\\\/?s={search_term_string}\"},\"query-input\":{\"@type\":\"PropertyValueSpecification\",\"valueRequired\":true,\"valueName\":\"search_term_string\"}}],\"inLanguage\":\"es\"},{\"@type\":\"Person\",\"@id\":\"https:\\\/\\\/www.cupomviagem.com.br\\\/#\\\/schema\\\/person\\\/563d45942ed85c3139c0e7e58f07767a\",\"name\":\"Taroco\",\"image\":{\"@type\":\"ImageObject\",\"inLanguage\":\"es\",\"@id\":\"https:\\\/\\\/secure.gravatar.com\\\/avatar\\\/4507e61f89d423280694455ca0645f33eac0a0626044427cd3daa169d5dc683d?s=96&d=mm&r=g\",\"url\":\"https:\\\/\\\/secure.gravatar.com\\\/avatar\\\/4507e61f89d423280694455ca0645f33eac0a0626044427cd3daa169d5dc683d?s=96&d=mm&r=g\",\"contentUrl\":\"https:\\\/\\\/secure.gravatar.com\\\/avatar\\\/4507e61f89d423280694455ca0645f33eac0a0626044427cd3daa169d5dc683d?s=96&d=mm&r=g\",\"caption\":\"Taroco\"},\"description\":\"Adoramos Viajar e escrever sobre viagens, quero compartilhar com voc\u00ea a parte boa desse mundo que \u00e9 t\u00e3o bonito, fique \u00e0 vontade e aproveite as informa\u00e7\u00f5es do Cupom Viagem\",\"url\":\"https:\\\/\\\/www.cupomviagem.com.br\\\/es\\\/author\\\/cupomviagem\\\/\"}]}<\/script>\n<!-- \/ Yoast SEO plugin. -->","yoast_head_json":{"title":"Cuando empez\u00f3 Bolsa Fam\u00edlia: un hito en la lucha contra la pobreza en Brasil -","robots":{"index":"index","follow":"follow","max-snippet":"max-snippet:-1","max-image-preview":"max-image-preview:large","max-video-preview":"max-video-preview:-1"},"canonical":"https:\/\/www.cupomviagem.com.br\/es\/quando-comecou-o-bolsa-familia-um-marco-na-luta-contra-a-pobreza-no-brasil\/","og_locale":"es_MX","og_type":"article","og_title":"Quando Come\u00e7ou o Bolsa Fam\u00edlia: Um Marco na Luta Contra a Pobreza no Brasil -","og_description":"O Bolsa Fam\u00edlia \u00e9 um dos programas sociais mais importantes do Brasil, criado para enfrentar a pobreza e promover a inclus\u00e3o social. Implementado em 20 de outubro de 2003, o programa re\u00fane diversas iniciativas de assist\u00eancia social j\u00e1 existentes, oferecendo apoio financeiro a milh\u00f5es de fam\u00edlias em situa\u00e7\u00e3o de vulnerabilidade. Neste artigo, vamos explorar a [&hellip;]","og_url":"https:\/\/www.cupomviagem.com.br\/es\/quando-comecou-o-bolsa-familia-um-marco-na-luta-contra-a-pobreza-no-brasil\/","article_published_time":"2025-05-15T14:42:55+00:00","article_modified_time":"2025-05-15T14:47:18+00:00","og_image":[{"width":400,"height":225,"url":"https:\/\/www.cupomviagem.com.br\/wp-content\/uploads\/2025\/05\/MODELO-5.png","type":"image\/png"}],"author":"Taroco","twitter_card":"summary_large_image","twitter_misc":{"Escrito por":"Taroco","Tiempo de lectura":"6 minutos"},"schema":{"@context":"https:\/\/schema.org","@graph":[{"@type":"Article","@id":"https:\/\/www.cupomviagem.com.br\/quando-comecou-o-bolsa-familia-um-marco-na-luta-contra-a-pobreza-no-brasil\/#article","isPartOf":{"@id":"https:\/\/www.cupomviagem.com.br\/quando-comecou-o-bolsa-familia-um-marco-na-luta-contra-a-pobreza-no-brasil\/"},"author":{"name":"Taroco","@id":"https:\/\/www.cupomviagem.com.br\/#\/schema\/person\/563d45942ed85c3139c0e7e58f07767a"},"headline":"Quando Come\u00e7ou o Bolsa Fam\u00edlia: Um Marco na Luta Contra a Pobreza no Brasil","datePublished":"2025-05-15T14:42:55+00:00","dateModified":"2025-05-15T14:47:18+00:00","mainEntityOfPage":{"@id":"https:\/\/www.cupomviagem.com.br\/quando-comecou-o-bolsa-familia-um-marco-na-luta-contra-a-pobreza-no-brasil\/"},"wordCount":1105,"commentCount":0,"image":{"@id":"https:\/\/www.cupomviagem.com.br\/quando-comecou-o-bolsa-familia-um-marco-na-luta-contra-a-pobreza-no-brasil\/#primaryimage"},"thumbnailUrl":"https:\/\/www.cupomviagem.com.br\/wp-content\/uploads\/2025\/05\/MODELO-5.png","articleSection":["Not\u00edcias"],"inLanguage":"es","potentialAction":[{"@type":"CommentAction","name":"Comment","target":["https:\/\/www.cupomviagem.com.br\/quando-comecou-o-bolsa-familia-um-marco-na-luta-contra-a-pobreza-no-brasil\/#respond"]}]},{"@type":"WebPage","@id":"https:\/\/www.cupomviagem.com.br\/quando-comecou-o-bolsa-familia-um-marco-na-luta-contra-a-pobreza-no-brasil\/","url":"https:\/\/www.cupomviagem.com.br\/quando-comecou-o-bolsa-familia-um-marco-na-luta-contra-a-pobreza-no-brasil\/","name":"Cuando empez\u00f3 Bolsa Fam\u00edlia: un hito en la lucha contra la pobreza en Brasil -","isPartOf":{"@id":"https:\/\/www.cupomviagem.com.br\/#website"},"primaryImageOfPage":{"@id":"https:\/\/www.cupomviagem.com.br\/quando-comecou-o-bolsa-familia-um-marco-na-luta-contra-a-pobreza-no-brasil\/#primaryimage"},"image":{"@id":"https:\/\/www.cupomviagem.com.br\/quando-comecou-o-bolsa-familia-um-marco-na-luta-contra-a-pobreza-no-brasil\/#primaryimage"},"thumbnailUrl":"https:\/\/www.cupomviagem.com.br\/wp-content\/uploads\/2025\/05\/MODELO-5.png","datePublished":"2025-05-15T14:42:55+00:00","dateModified":"2025-05-15T14:47:18+00:00","author":{"@id":"https:\/\/www.cupomviagem.com.br\/#\/schema\/person\/563d45942ed85c3139c0e7e58f07767a"},"breadcrumb":{"@id":"https:\/\/www.cupomviagem.com.br\/quando-comecou-o-bolsa-familia-um-marco-na-luta-contra-a-pobreza-no-brasil\/#breadcrumb"},"inLanguage":"es","potentialAction":[{"@type":"ReadAction","target":["https:\/\/www.cupomviagem.com.br\/quando-comecou-o-bolsa-familia-um-marco-na-luta-contra-a-pobreza-no-brasil\/"]}]},{"@type":"ImageObject","inLanguage":"es","@id":"https:\/\/www.cupomviagem.com.br\/quando-comecou-o-bolsa-familia-um-marco-na-luta-contra-a-pobreza-no-brasil\/#primaryimage","url":"https:\/\/www.cupomviagem.com.br\/wp-content\/uploads\/2025\/05\/MODELO-5.png","contentUrl":"https:\/\/www.cupomviagem.com.br\/wp-content\/uploads\/2025\/05\/MODELO-5.png","width":400,"height":225,"caption":"Quando Come\u00e7ou o Bolsa Fam\u00edlia"},{"@type":"BreadcrumbList","@id":"https:\/\/www.cupomviagem.com.br\/quando-comecou-o-bolsa-familia-um-marco-na-luta-contra-a-pobreza-no-brasil\/#breadcrumb","itemListElement":[{"@type":"ListItem","position":1,"name":"In\u00edcio","item":"https:\/\/www.cupomviagem.com.br\/"},{"@type":"ListItem","position":2,"name":"Quando Come\u00e7ou o Bolsa Fam\u00edlia: Um Marco na Luta Contra a Pobreza no Brasil"}]},{"@type":"WebSite","@id":"https:\/\/www.cupomviagem.com.br\/#website","url":"https:\/\/www.cupomviagem.com.br\/","name":"","description":"","potentialAction":[{"@type":"SearchAction","target":{"@type":"EntryPoint","urlTemplate":"https:\/\/www.cupomviagem.com.br\/?s={search_term_string}"},"query-input":{"@type":"PropertyValueSpecification","valueRequired":true,"valueName":"search_term_string"}}],"inLanguage":"es"},{"@type":"Person","@id":"https:\/\/www.cupomviagem.com.br\/#\/schema\/person\/563d45942ed85c3139c0e7e58f07767a","name":"Taroco","image":{"@type":"ImageObject","inLanguage":"es","@id":"https:\/\/secure.gravatar.com\/avatar\/4507e61f89d423280694455ca0645f33eac0a0626044427cd3daa169d5dc683d?s=96&d=mm&r=g","url":"https:\/\/secure.gravatar.com\/avatar\/4507e61f89d423280694455ca0645f33eac0a0626044427cd3daa169d5dc683d?s=96&d=mm&r=g","contentUrl":"https:\/\/secure.gravatar.com\/avatar\/4507e61f89d423280694455ca0645f33eac0a0626044427cd3daa169d5dc683d?s=96&d=mm&r=g","caption":"Taroco"},"description":"Nos encanta viajar y escribir sobre viajes, quiero compartir contigo lo bueno de este hermoso mundo, si\u00e9ntete libre y aprovecha la informaci\u00f3n del Cup\u00f3n de Viaje","url":"https:\/\/www.cupomviagem.com.br\/es\/author\/cupomviagem\/"}]}},"_links":{"self":[{"href":"https:\/\/www.cupomviagem.com.br\/es\/wp-json\/wp\/v2\/posts\/14170","targetHints":{"allow":["GET"]}}],"collection":[{"href":"https:\/\/www.cupomviagem.com.br\/es\/wp-json\/wp\/v2\/posts"}],"about":[{"href":"https:\/\/www.cupomviagem.com.br\/es\/wp-json\/wp\/v2\/types\/post"}],"author":[{"embeddable":true,"href":"https:\/\/www.cupomviagem.com.br\/es\/wp-json\/wp\/v2\/users\/1"}],"replies":[{"embeddable":true,"href":"https:\/\/www.cupomviagem.com.br\/es\/wp-json\/wp\/v2\/comments?post=14170"}],"version-history":[{"count":17,"href":"https:\/\/www.cupomviagem.com.br\/es\/wp-json\/wp\/v2\/posts\/14170\/revisions"}],"predecessor-version":[{"id":14188,"href":"https:\/\/www.cupomviagem.com.br\/es\/wp-json\/wp\/v2\/posts\/14170\/revisions\/14188"}],"wp:featuredmedia":[{"embeddable":true,"href":"https:\/\/www.cupomviagem.com.br\/es\/wp-json\/wp\/v2\/media\/14184"}],"wp:attachment":[{"href":"https:\/\/www.cupomviagem.com.br\/es\/wp-json\/wp\/v2\/media?parent=14170"}],"wp:term":[{"taxonomy":"category","embeddable":true,"href":"https:\/\/www.cupomviagem.com.br\/es\/wp-json\/wp\/v2\/categories?post=14170"},{"taxonomy":"post_tag","embeddable":true,"href":"https:\/\/www.cupomviagem.com.br\/es\/wp-json\/wp\/v2\/tags?post=14170"}],"curies":[{"name":"wp","href":"https:\/\/api.w.org\/{rel}","templated":true}]}}