{"id":16409,"date":"2026-04-30T10:44:56","date_gmt":"2026-04-30T13:44:56","guid":{"rendered":"https:\/\/www.cupomviagem.com.br\/?p=16409"},"modified":"2026-04-27T10:48:08","modified_gmt":"2026-04-27T13:48:08","slug":"ultimas-noticias-do-brasil","status":"publish","type":"post","link":"https:\/\/www.cupomviagem.com.br\/en\/ultimas-noticias-do-brasil\/","title":{"rendered":"\u00daltimas not\u00edcias do Brasil"},"content":{"rendered":"<section class=\"text-token-text-primary w-full focus:outline-none [--shadow-height:45px] has-data-writing-block:pointer-events-none has-data-writing-block:-mt-(--shadow-height) has-data-writing-block:pt-(--shadow-height) [&amp;:has([data-writing-block])&gt;*]:pointer-events-auto [content-visibility:auto] supports-[content-visibility:auto]:[contain-intrinsic-size:auto_100lvh] R6Vx5W_threadScrollVars scroll-mb-[calc(var(--scroll-root-safe-area-inset-bottom,0px)+var(--thread-response-height))] scroll-mt-[calc(var(--header-height)+min(200px,max(70px,20svh)))]\" dir=\"auto\" data-turn-id=\"request-WEB:a88337bb-5c3f-46f0-b06f-61874464300d-18\" data-testid=\"conversation-turn-38\" data-scroll-anchor=\"false\" data-turn=\"assistant\">\n<div class=\"text-base my-auto mx-auto pb-10 [--thread-content-margin:var(--thread-content-margin-xs,calc(var(--spacing)*4))] @w-sm\/main:[--thread-content-margin:var(--thread-content-margin-sm,calc(var(--spacing)*6))] @w-lg\/main:[--thread-content-margin:var(--thread-content-margin-lg,calc(var(--spacing)*16))] px-(--thread-content-margin)\">\n<div class=\"[--thread-content-max-width:40rem] @w-lg\/main:[--thread-content-max-width:48rem] mx-auto max-w-(--thread-content-max-width) flex-1 group\/turn-messages focus-visible:outline-hidden relative flex w-full min-w-0 flex-col agent-turn\">\n<div class=\"flex max-w-full flex-col gap-4 grow\">\n<div class=\"min-h-8 text-message relative flex w-full flex-col items-end gap-2 text-start break-words whitespace-normal outline-none keyboard-focused:focus-ring [.text-message+&amp;]:mt-1\" dir=\"auto\" tabindex=\"0\" data-message-author-role=\"assistant\" data-message-id=\"fd517562-0d63-4b9a-a05f-f366e7f60e04\" data-turn-start-message=\"true\" data-message-model-slug=\"gpt-5-3\">\n<div class=\"flex w-full flex-col gap-1 empty:hidden\">\n<div class=\"markdown prose dark:prose-invert w-full wrap-break-word light markdown-new-styling\">\n<p data-section-id=\"1akbvgk\" data-start=\"31\" data-end=\"117\">Panorama atualizado dos principais acontecimentos pol\u00edticos, econ\u00f4micos e sociais<\/p>\n<p data-start=\"119\" data-end=\"422\">Nos \u00faltimos dias, o Brasil tem vivido um cen\u00e1rio din\u00e2mico, com acontecimentos relevantes nas \u00e1reas de pol\u00edtica, economia, sociedade e meio ambiente.<\/p>\n<p data-start=\"119\" data-end=\"422\">Al\u00e9m disso, os desdobramentos recentes mostram um pa\u00eds em constante transforma\u00e7\u00e3o, enfrentando desafios internos e tamb\u00e9m influ\u00eancias do cen\u00e1rio global.<\/p>\n<p data-start=\"424\" data-end=\"671\">Portanto, acompanhar as \u00faltimas not\u00edcias \u00e9 essencial para entender o rumo do pa\u00eds e como essas mudan\u00e7as impactam diretamente a vida da popula\u00e7\u00e3o. A seguir, voc\u00ea confere um panorama atualizado dos principais fatos que est\u00e3o em destaque no Brasil.<\/p>\n<h2 data-section-id=\"5ktcky\" data-start=\"673\" data-end=\"709\">Pol\u00edtica brasileira em destaque<\/h2>\n<p data-start=\"711\" data-end=\"891\">Atualmente, o cen\u00e1rio pol\u00edtico brasileiro segue bastante movimentado. Um dos principais temas envolve decis\u00f5es e articula\u00e7\u00f5es no Congresso Nacional e no Supremo Tribunal Federal.<\/p>\n<p data-start=\"893\" data-end=\"1141\">De acordo com informa\u00e7\u00f5es recentes, a indica\u00e7\u00e3o de novos nomes para cargos importantes, como o STF, est\u00e1 em andamento e deve passar por avalia\u00e7\u00e3o no Senado, o que gera debates e expectativas no meio pol\u00edtico.<\/p>\n<p data-start=\"1143\" data-end=\"1379\">Al\u00e9m disso, discuss\u00f5es relacionadas \u00e0s elei\u00e7\u00f5es de 2026 j\u00e1 come\u00e7am a ganhar for\u00e7a. O cen\u00e1rio eleitoral indica disputas acirradas, com poss\u00edveis candidatos se posicionando e reorganizando alian\u00e7as.<\/p>\n<p data-start=\"1381\" data-end=\"1522\">Por outro lado, tamb\u00e9m h\u00e1 investiga\u00e7\u00f5es e decis\u00f5es judiciais que continuam impactando figuras p\u00fablicas e influenciando o ambiente pol\u00edtico.<\/p>\n<p data-start=\"1524\" data-end=\"1616\">Dessa forma, o cen\u00e1rio pol\u00edtico permanece como um dos principais focos de aten\u00e7\u00e3o no pa\u00eds.<\/p>\n<h2 data-section-id=\"1s17z25\" data-start=\"1618\" data-end=\"1645\">Economia e crescimento<\/h2>\n<p data-start=\"1647\" data-end=\"1834\">Na \u00e1rea econ\u00f4mica, o Brasil apresentou resultados positivos recentemente. Dados oficiais mostram que o pa\u00eds registrou crescimento nas exporta\u00e7\u00f5es, importa\u00e7\u00f5es e na corrente de com\u00e9rcio.<\/p>\n<p data-start=\"1836\" data-end=\"2059\">Por exemplo, no primeiro trimestre de 2026, houve aumento significativo nas exporta\u00e7\u00f5es e no volume total de com\u00e9rcio exterior, indicando uma recupera\u00e7\u00e3o e fortalecimento da economia.<\/p>\n<p data-start=\"2061\" data-end=\"2205\">Al\u00e9m disso, o governo tem adotado medidas para conter impactos da economia global, especialmente relacionados ao aumento do pre\u00e7o do petr\u00f3leo.<\/p>\n<p data-start=\"2207\" data-end=\"2390\">Nesse contexto, pol\u00edticas como subs\u00eddios e redu\u00e7\u00e3o de impostos t\u00eam sido implementadas para minimizar os efeitos da infla\u00e7\u00e3o e dos combust\u00edveis.<\/p>\n<p data-start=\"2392\" data-end=\"2501\">Portanto, apesar dos desafios, o pa\u00eds demonstra sinais de crescimento e adapta\u00e7\u00e3o ao cen\u00e1rio internacional.<\/p>\n<h2 data-section-id=\"1fae344\" data-start=\"2503\" data-end=\"2542\">Seguran\u00e7a e acontecimentos sociais<\/h2>\n<p data-start=\"2544\" data-end=\"2647\">No campo social, o Brasil continua enfrentando desafios importantes relacionados \u00e0 seguran\u00e7a p\u00fablica.<\/p>\n<p data-start=\"2649\" data-end=\"2833\">Recentemente, casos de viol\u00eancia e opera\u00e7\u00f5es policiais ganharam destaque na m\u00eddia, refor\u00e7ando a necessidade de pol\u00edticas p\u00fablicas mais eficazes.<\/p>\n<p data-start=\"2835\" data-end=\"3075\">Al\u00e9m disso, temas ligados aos direitos humanos tamb\u00e9m seguem em evid\u00eancia. Organiza\u00e7\u00f5es t\u00eam cobrado a\u00e7\u00f5es mais efetivas em \u00e1reas como prote\u00e7\u00e3o de comunidades ind\u00edgenas e combate \u00e0 desigualdade social.<\/p>\n<p data-start=\"3077\" data-end=\"3184\">Consequentemente, esses assuntos continuam sendo debatidos tanto pela sociedade quanto pelas autoridades.<\/p>\n<h2 data-section-id=\"1tjdkkm\" data-start=\"3186\" data-end=\"3223\">Meio ambiente e sustentabilidade<\/h2>\n<p data-start=\"3225\" data-end=\"3385\">Outro tema que vem ganhando grande destaque \u00e9 o meio ambiente. O Brasil tem adotado novas estrat\u00e9gias para combater o desmatamento, especialmente na Amaz\u00f4nia.<\/p>\n<p data-start=\"3387\" data-end=\"3614\">Uma das iniciativas recentes envolve a participa\u00e7\u00e3o de bancos no controle ambiental, exigindo que propriedades rurais estejam em conformidade com regras de preserva\u00e7\u00e3o para obter cr\u00e9dito.<\/p>\n<p data-start=\"3616\" data-end=\"3760\">Al\u00e9m disso, o pa\u00eds mant\u00e9m metas ambiciosas de reduzir o desmatamento at\u00e9 2030, o que tem gerado discuss\u00f5es entre o governo e o setor agr\u00edcola.<\/p>\n<p data-start=\"3762\" data-end=\"3859\">Portanto, a sustentabilidade se tornou um dos principais pilares das pol\u00edticas p\u00fablicas atuais.<\/p>\n<h2 data-section-id=\"e6xf1z\" data-start=\"3861\" data-end=\"3899\">Cultura, entretenimento e eventos<\/h2>\n<p data-start=\"3901\" data-end=\"3990\">No cen\u00e1rio cultural, o Brasil tamb\u00e9m tem sido destaque com grandes eventos e produ\u00e7\u00f5es.<\/p>\n<p data-start=\"3992\" data-end=\"4252\">Um dos acontecimentos mais comentados \u00e9 a realiza\u00e7\u00e3o de shows internacionais de grande porte, como o evento gratuito da cantora <span class=\"hover:entity-accent entity-underline inline cursor-pointer align-baseline\"><span class=\"whitespace-normal\">Shakira<\/span><\/span> no Rio de Janeiro, que pode reunir milh\u00f5es de pessoas.<\/p>\n<p data-start=\"4254\" data-end=\"4372\">Al\u00e9m disso, o pa\u00eds continua sendo palco de eventos musicais e culturais que movimentam a economia e atraem turistas.<\/p>\n<p data-start=\"4374\" data-end=\"4648\">Outro destaque recente foi a colabora\u00e7\u00e3o entre <span class=\"hover:entity-accent entity-underline inline cursor-pointer align-baseline\"><span class=\"whitespace-normal\">Anitta<\/span><\/span> e <span class=\"hover:entity-accent entity-underline inline cursor-pointer align-baseline\"><span class=\"whitespace-normal\">The Weeknd<\/span><\/span>, que chamou aten\u00e7\u00e3o nas redes sociais e refor\u00e7ou a presen\u00e7a do Brasil no cen\u00e1rio internacional da m\u00fasica.<\/p>\n<p data-start=\"4650\" data-end=\"4713\">Assim, a cultura brasileira segue forte e influente no mundo.<\/p>\n<h2 data-section-id=\"1x31ulb\" data-start=\"4715\" data-end=\"4754\">Opini\u00e3o p\u00fablica e desafios sociais<\/h2>\n<p data-start=\"4756\" data-end=\"4944\">Pesquisas recentes indicam que uma parcela significativa da popula\u00e7\u00e3o brasileira considera sua renda insuficiente para cobrir as despesas b\u00e1sicas.<\/p>\n<p data-start=\"4946\" data-end=\"5060\">Esse dado refor\u00e7a a import\u00e2ncia de pol\u00edticas econ\u00f4micas e sociais voltadas para a melhoria da qualidade de vida.<\/p>\n<p data-start=\"5062\" data-end=\"5181\">Al\u00e9m disso, quest\u00f5es como desemprego, custo de vida e acesso a servi\u00e7os p\u00fablicos continuam sendo desafios relevantes.<\/p>\n<p data-start=\"5183\" data-end=\"5285\">Portanto, entender a realidade da popula\u00e7\u00e3o \u00e9 essencial para o desenvolvimento de solu\u00e7\u00f5es eficazes.<\/p>\n<h2>Conclus\u00e3o<\/h2>\n<p>Em resumo, o Brasil vive um momento de intensas transforma\u00e7\u00f5es, com acontecimentos importantes nas \u00e1reas de pol\u00edtica, economia, sociedade e cultura.<\/p>\n<p>Al\u00e9m disso, o pa\u00eds enfrenta desafios significativos, mas tamb\u00e9m apresenta avan\u00e7os que indicam crescimento e adapta\u00e7\u00e3o ao cen\u00e1rio global.<\/p>\n<p>Portanto, acompanhar as \u00faltimas not\u00edcias \u00e9 fundamental para compreender o presente e se preparar para o futuro.<\/p>\n<p>Por fim, o cen\u00e1rio brasileiro continua din\u00e2mico, e novas atualiza\u00e7\u00f5es devem surgir constantemente, exigindo aten\u00e7\u00e3o e an\u00e1lise cont\u00ednua da sociedade.<\/p>\n<p>Al\u00e9m disso, \u00e9 importante destacar que a informa\u00e7\u00e3o de qualidade desempenha um papel essencial na forma\u00e7\u00e3o de cidad\u00e3os mais conscientes e participativos. Quando as pessoas acompanham os acontecimentos de forma cr\u00edtica, elas conseguem compreender melhor os impactos das decis\u00f5es pol\u00edticas e econ\u00f4micas no seu dia a dia. Dessa forma, a sociedade se torna mais preparada para exigir mudan\u00e7as e contribuir para o desenvolvimento do pa\u00eds.<\/p>\n<p>Outro ponto relevante \u00e9 a velocidade com que as informa\u00e7\u00f5es circulam atualmente. Com o avan\u00e7o da tecnologia e das redes sociais, as not\u00edcias chegam em tempo real, o que facilita o acesso, mas tamb\u00e9m exige maior cuidado na verifica\u00e7\u00e3o das fontes. Portanto, buscar informa\u00e7\u00f5es em ve\u00edculos confi\u00e1veis \u00e9 fundamental para evitar a dissemina\u00e7\u00e3o de dados incorretos ou incompletos.<\/p>\n<p>Al\u00e9m disso, o Brasil, por ser um pa\u00eds de dimens\u00f5es continentais, apresenta realidades muito diferentes entre suas regi\u00f5es. Por isso, entender o contexto local e regional tamb\u00e9m \u00e9 essencial para ter uma vis\u00e3o mais completa do cen\u00e1rio nacional. Quest\u00f5es econ\u00f4micas, sociais e culturais podem variar bastante, o que torna o acompanhamento das not\u00edcias ainda mais importante.<\/p>\n<p>Por fim, \u00e9 v\u00e1lido ressaltar que o futuro do pa\u00eds depende n\u00e3o apenas das decis\u00f5es governamentais, mas tamb\u00e9m da participa\u00e7\u00e3o ativa da popula\u00e7\u00e3o. Acompanhar as not\u00edcias, refletir sobre os acontecimentos e buscar conhecimento s\u00e3o atitudes que contribuem diretamente para a constru\u00e7\u00e3o de uma sociedade mais justa, informada e preparada para enfrentar os desafios que est\u00e3o por vir.<\/p>\n<hr \/>\n<p data-section-id=\"1t91tnt\" data-start=\"5862\" data-end=\"5886\"><strong>Fonte de informa\u00e7\u00e3o:\u00a0 <\/strong>Dados e not\u00edcias baseados em ve\u00edculos como Ag\u00eancia Brasil, CNN Brasil, Revista Veja, Poder360 e El Pa\u00eds.<\/p>\n<\/div>\n<\/div>\n<\/div>\n<\/div>\n<\/div>\n<\/div>\n<\/section>\n","protected":false},"excerpt":{"rendered":"<p>Panorama atualizado dos principais acontecimentos pol\u00edticos, econ\u00f4micos e sociais Nos \u00faltimos dias, o Brasil tem vivido um cen\u00e1rio din\u00e2mico, com acontecimentos relevantes nas \u00e1reas de pol\u00edtica, economia, sociedade e meio ambiente. Al\u00e9m disso, os desdobramentos recentes mostram um pa\u00eds em constante transforma\u00e7\u00e3o, enfrentando desafios internos e tamb\u00e9m influ\u00eancias do cen\u00e1rio global. Portanto, acompanhar as \u00faltimas [&hellip;]<\/p>\n","protected":false},"author":1,"featured_media":16411,"comment_status":"open","ping_status":"open","sticky":false,"template":"","format":"standard","meta":{"footnotes":""},"categories":[904],"tags":[],"class_list":["post-16409","post","type-post","status-publish","format-standard","has-post-thumbnail","hentry","category-noticias"],"yoast_head":"<!-- This site is optimized with the Yoast SEO plugin v27.5 - https:\/\/yoast.com\/product\/yoast-seo-wordpress\/ -->\n<title>\u00daltimas not\u00edcias do Brasil -<\/title>\n<meta name=\"description\" content=\"Panorama atualizado dos principais acontecimentos pol\u00edticos, econ\u00f4micos e sociaisNos \u00faltimos dias, o Brasil tem vivido um cen\u00e1rio din\u00e2mico\" \/>\n<meta name=\"robots\" content=\"index, follow, max-snippet:-1, max-image-preview:large, max-video-preview:-1\" \/>\n<link rel=\"canonical\" href=\"https:\/\/www.cupomviagem.com.br\/en\/ultimas-noticias-do-brasil\/\" \/>\n<meta property=\"og:locale\" content=\"en_US\" \/>\n<meta property=\"og:type\" content=\"article\" \/>\n<meta property=\"og:title\" content=\"\u00daltimas not\u00edcias do Brasil -\" \/>\n<meta property=\"og:description\" content=\"Panorama atualizado dos principais acontecimentos pol\u00edticos, econ\u00f4micos e sociaisNos \u00faltimos dias, o Brasil tem vivido um cen\u00e1rio din\u00e2mico\" \/>\n<meta property=\"og:url\" content=\"https:\/\/www.cupomviagem.com.br\/en\/ultimas-noticias-do-brasil\/\" \/>\n<meta property=\"article:published_time\" content=\"2026-04-30T13:44:56+00:00\" \/>\n<meta property=\"og:image\" content=\"https:\/\/www.cupomviagem.com.br\/wp-content\/uploads\/2026\/04\/CUPOM-PORT-8-e1777297678757.png\" \/>\n\t<meta property=\"og:image:width\" content=\"500\" \/>\n\t<meta property=\"og:image:height\" content=\"281\" \/>\n\t<meta property=\"og:image:type\" content=\"image\/png\" \/>\n<meta name=\"author\" content=\"Taroco\" \/>\n<meta name=\"twitter:card\" content=\"summary_large_image\" \/>\n<meta name=\"twitter:label1\" content=\"Written by\" \/>\n\t<meta name=\"twitter:data1\" content=\"Taroco\" \/>\n\t<meta name=\"twitter:label2\" content=\"Est. reading time\" \/>\n\t<meta name=\"twitter:data2\" content=\"6 minutes\" \/>\n<script type=\"application\/ld+json\" class=\"yoast-schema-graph\">{\"@context\":\"https:\\\/\\\/schema.org\",\"@graph\":[{\"@type\":\"Article\",\"@id\":\"https:\\\/\\\/www.cupomviagem.com.br\\\/ultimas-noticias-do-brasil\\\/#article\",\"isPartOf\":{\"@id\":\"https:\\\/\\\/www.cupomviagem.com.br\\\/ultimas-noticias-do-brasil\\\/\"},\"author\":{\"name\":\"Taroco\",\"@id\":\"https:\\\/\\\/www.cupomviagem.com.br\\\/#\\\/schema\\\/person\\\/563d45942ed85c3139c0e7e58f07767a\"},\"headline\":\"\u00daltimas not\u00edcias do Brasil\",\"datePublished\":\"2026-04-30T13:44:56+00:00\",\"mainEntityOfPage\":{\"@id\":\"https:\\\/\\\/www.cupomviagem.com.br\\\/ultimas-noticias-do-brasil\\\/\"},\"wordCount\":1176,\"commentCount\":0,\"image\":{\"@id\":\"https:\\\/\\\/www.cupomviagem.com.br\\\/ultimas-noticias-do-brasil\\\/#primaryimage\"},\"thumbnailUrl\":\"https:\\\/\\\/www.cupomviagem.com.br\\\/wp-content\\\/uploads\\\/2026\\\/04\\\/CUPOM-PORT-8-e1777297678757.png\",\"articleSection\":[\"Not\u00edcias\"],\"inLanguage\":\"en-US\",\"potentialAction\":[{\"@type\":\"CommentAction\",\"name\":\"Comment\",\"target\":[\"https:\\\/\\\/www.cupomviagem.com.br\\\/ultimas-noticias-do-brasil\\\/#respond\"]}]},{\"@type\":\"WebPage\",\"@id\":\"https:\\\/\\\/www.cupomviagem.com.br\\\/ultimas-noticias-do-brasil\\\/\",\"url\":\"https:\\\/\\\/www.cupomviagem.com.br\\\/ultimas-noticias-do-brasil\\\/\",\"name\":\"\u00daltimas not\u00edcias do Brasil -\",\"isPartOf\":{\"@id\":\"https:\\\/\\\/www.cupomviagem.com.br\\\/#website\"},\"primaryImageOfPage\":{\"@id\":\"https:\\\/\\\/www.cupomviagem.com.br\\\/ultimas-noticias-do-brasil\\\/#primaryimage\"},\"image\":{\"@id\":\"https:\\\/\\\/www.cupomviagem.com.br\\\/ultimas-noticias-do-brasil\\\/#primaryimage\"},\"thumbnailUrl\":\"https:\\\/\\\/www.cupomviagem.com.br\\\/wp-content\\\/uploads\\\/2026\\\/04\\\/CUPOM-PORT-8-e1777297678757.png\",\"datePublished\":\"2026-04-30T13:44:56+00:00\",\"author\":{\"@id\":\"https:\\\/\\\/www.cupomviagem.com.br\\\/#\\\/schema\\\/person\\\/563d45942ed85c3139c0e7e58f07767a\"},\"description\":\"Panorama atualizado dos principais acontecimentos pol\u00edticos, econ\u00f4micos e sociaisNos \u00faltimos dias, o Brasil tem vivido um cen\u00e1rio din\u00e2mico\",\"breadcrumb\":{\"@id\":\"https:\\\/\\\/www.cupomviagem.com.br\\\/ultimas-noticias-do-brasil\\\/#breadcrumb\"},\"inLanguage\":\"en-US\",\"potentialAction\":[{\"@type\":\"ReadAction\",\"target\":[\"https:\\\/\\\/www.cupomviagem.com.br\\\/ultimas-noticias-do-brasil\\\/\"]}]},{\"@type\":\"ImageObject\",\"inLanguage\":\"en-US\",\"@id\":\"https:\\\/\\\/www.cupomviagem.com.br\\\/ultimas-noticias-do-brasil\\\/#primaryimage\",\"url\":\"https:\\\/\\\/www.cupomviagem.com.br\\\/wp-content\\\/uploads\\\/2026\\\/04\\\/CUPOM-PORT-8-e1777297678757.png\",\"contentUrl\":\"https:\\\/\\\/www.cupomviagem.com.br\\\/wp-content\\\/uploads\\\/2026\\\/04\\\/CUPOM-PORT-8-e1777297678757.png\",\"width\":500,\"height\":281,\"caption\":\"Brasil\"},{\"@type\":\"BreadcrumbList\",\"@id\":\"https:\\\/\\\/www.cupomviagem.com.br\\\/ultimas-noticias-do-brasil\\\/#breadcrumb\",\"itemListElement\":[{\"@type\":\"ListItem\",\"position\":1,\"name\":\"In\u00edcio\",\"item\":\"https:\\\/\\\/www.cupomviagem.com.br\\\/\"},{\"@type\":\"ListItem\",\"position\":2,\"name\":\"\u00daltimas not\u00edcias do Brasil\"}]},{\"@type\":\"WebSite\",\"@id\":\"https:\\\/\\\/www.cupomviagem.com.br\\\/#website\",\"url\":\"https:\\\/\\\/www.cupomviagem.com.br\\\/\",\"name\":\"\",\"description\":\"\",\"potentialAction\":[{\"@type\":\"SearchAction\",\"target\":{\"@type\":\"EntryPoint\",\"urlTemplate\":\"https:\\\/\\\/www.cupomviagem.com.br\\\/?s={search_term_string}\"},\"query-input\":{\"@type\":\"PropertyValueSpecification\",\"valueRequired\":true,\"valueName\":\"search_term_string\"}}],\"inLanguage\":\"en-US\"},{\"@type\":\"Person\",\"@id\":\"https:\\\/\\\/www.cupomviagem.com.br\\\/#\\\/schema\\\/person\\\/563d45942ed85c3139c0e7e58f07767a\",\"name\":\"Taroco\",\"image\":{\"@type\":\"ImageObject\",\"inLanguage\":\"en-US\",\"@id\":\"https:\\\/\\\/secure.gravatar.com\\\/avatar\\\/4507e61f89d423280694455ca0645f33eac0a0626044427cd3daa169d5dc683d?s=96&d=mm&r=g\",\"url\":\"https:\\\/\\\/secure.gravatar.com\\\/avatar\\\/4507e61f89d423280694455ca0645f33eac0a0626044427cd3daa169d5dc683d?s=96&d=mm&r=g\",\"contentUrl\":\"https:\\\/\\\/secure.gravatar.com\\\/avatar\\\/4507e61f89d423280694455ca0645f33eac0a0626044427cd3daa169d5dc683d?s=96&d=mm&r=g\",\"caption\":\"Taroco\"},\"description\":\"Adoramos Viajar e escrever sobre viagens, quero compartilhar com voc\u00ea a parte boa desse mundo que \u00e9 t\u00e3o bonito, fique \u00e0 vontade e aproveite as informa\u00e7\u00f5es do Cupom Viagem\",\"url\":\"https:\\\/\\\/www.cupomviagem.com.br\\\/en\\\/author\\\/cupomviagem\\\/\"}]}<\/script>\n<!-- \/ Yoast SEO plugin. -->","yoast_head_json":{"title":"\u00daltimas not\u00edcias do Brasil -","description":"Panorama atualizado dos principais acontecimentos pol\u00edticos, econ\u00f4micos e sociaisNos \u00faltimos dias, o Brasil tem vivido um cen\u00e1rio din\u00e2mico","robots":{"index":"index","follow":"follow","max-snippet":"max-snippet:-1","max-image-preview":"max-image-preview:large","max-video-preview":"max-video-preview:-1"},"canonical":"https:\/\/www.cupomviagem.com.br\/en\/ultimas-noticias-do-brasil\/","og_locale":"en_US","og_type":"article","og_title":"\u00daltimas not\u00edcias do Brasil -","og_description":"Panorama atualizado dos principais acontecimentos pol\u00edticos, econ\u00f4micos e sociaisNos \u00faltimos dias, o Brasil tem vivido um cen\u00e1rio din\u00e2mico","og_url":"https:\/\/www.cupomviagem.com.br\/en\/ultimas-noticias-do-brasil\/","article_published_time":"2026-04-30T13:44:56+00:00","og_image":[{"width":500,"height":281,"url":"https:\/\/www.cupomviagem.com.br\/wp-content\/uploads\/2026\/04\/CUPOM-PORT-8-e1777297678757.png","type":"image\/png"}],"author":"Taroco","twitter_card":"summary_large_image","twitter_misc":{"Written by":"Taroco","Est. reading time":"6 minutes"},"schema":{"@context":"https:\/\/schema.org","@graph":[{"@type":"Article","@id":"https:\/\/www.cupomviagem.com.br\/ultimas-noticias-do-brasil\/#article","isPartOf":{"@id":"https:\/\/www.cupomviagem.com.br\/ultimas-noticias-do-brasil\/"},"author":{"name":"Taroco","@id":"https:\/\/www.cupomviagem.com.br\/#\/schema\/person\/563d45942ed85c3139c0e7e58f07767a"},"headline":"\u00daltimas not\u00edcias do Brasil","datePublished":"2026-04-30T13:44:56+00:00","mainEntityOfPage":{"@id":"https:\/\/www.cupomviagem.com.br\/ultimas-noticias-do-brasil\/"},"wordCount":1176,"commentCount":0,"image":{"@id":"https:\/\/www.cupomviagem.com.br\/ultimas-noticias-do-brasil\/#primaryimage"},"thumbnailUrl":"https:\/\/www.cupomviagem.com.br\/wp-content\/uploads\/2026\/04\/CUPOM-PORT-8-e1777297678757.png","articleSection":["Not\u00edcias"],"inLanguage":"en-US","potentialAction":[{"@type":"CommentAction","name":"Comment","target":["https:\/\/www.cupomviagem.com.br\/ultimas-noticias-do-brasil\/#respond"]}]},{"@type":"WebPage","@id":"https:\/\/www.cupomviagem.com.br\/ultimas-noticias-do-brasil\/","url":"https:\/\/www.cupomviagem.com.br\/ultimas-noticias-do-brasil\/","name":"\u00daltimas not\u00edcias do Brasil -","isPartOf":{"@id":"https:\/\/www.cupomviagem.com.br\/#website"},"primaryImageOfPage":{"@id":"https:\/\/www.cupomviagem.com.br\/ultimas-noticias-do-brasil\/#primaryimage"},"image":{"@id":"https:\/\/www.cupomviagem.com.br\/ultimas-noticias-do-brasil\/#primaryimage"},"thumbnailUrl":"https:\/\/www.cupomviagem.com.br\/wp-content\/uploads\/2026\/04\/CUPOM-PORT-8-e1777297678757.png","datePublished":"2026-04-30T13:44:56+00:00","author":{"@id":"https:\/\/www.cupomviagem.com.br\/#\/schema\/person\/563d45942ed85c3139c0e7e58f07767a"},"description":"Panorama atualizado dos principais acontecimentos pol\u00edticos, econ\u00f4micos e sociaisNos \u00faltimos dias, o Brasil tem vivido um cen\u00e1rio din\u00e2mico","breadcrumb":{"@id":"https:\/\/www.cupomviagem.com.br\/ultimas-noticias-do-brasil\/#breadcrumb"},"inLanguage":"en-US","potentialAction":[{"@type":"ReadAction","target":["https:\/\/www.cupomviagem.com.br\/ultimas-noticias-do-brasil\/"]}]},{"@type":"ImageObject","inLanguage":"en-US","@id":"https:\/\/www.cupomviagem.com.br\/ultimas-noticias-do-brasil\/#primaryimage","url":"https:\/\/www.cupomviagem.com.br\/wp-content\/uploads\/2026\/04\/CUPOM-PORT-8-e1777297678757.png","contentUrl":"https:\/\/www.cupomviagem.com.br\/wp-content\/uploads\/2026\/04\/CUPOM-PORT-8-e1777297678757.png","width":500,"height":281,"caption":"Brasil"},{"@type":"BreadcrumbList","@id":"https:\/\/www.cupomviagem.com.br\/ultimas-noticias-do-brasil\/#breadcrumb","itemListElement":[{"@type":"ListItem","position":1,"name":"In\u00edcio","item":"https:\/\/www.cupomviagem.com.br\/"},{"@type":"ListItem","position":2,"name":"\u00daltimas not\u00edcias do Brasil"}]},{"@type":"WebSite","@id":"https:\/\/www.cupomviagem.com.br\/#website","url":"https:\/\/www.cupomviagem.com.br\/","name":"","description":"","potentialAction":[{"@type":"SearchAction","target":{"@type":"EntryPoint","urlTemplate":"https:\/\/www.cupomviagem.com.br\/?s={search_term_string}"},"query-input":{"@type":"PropertyValueSpecification","valueRequired":true,"valueName":"search_term_string"}}],"inLanguage":"en-US"},{"@type":"Person","@id":"https:\/\/www.cupomviagem.com.br\/#\/schema\/person\/563d45942ed85c3139c0e7e58f07767a","name":"Taroco","image":{"@type":"ImageObject","inLanguage":"en-US","@id":"https:\/\/secure.gravatar.com\/avatar\/4507e61f89d423280694455ca0645f33eac0a0626044427cd3daa169d5dc683d?s=96&d=mm&r=g","url":"https:\/\/secure.gravatar.com\/avatar\/4507e61f89d423280694455ca0645f33eac0a0626044427cd3daa169d5dc683d?s=96&d=mm&r=g","contentUrl":"https:\/\/secure.gravatar.com\/avatar\/4507e61f89d423280694455ca0645f33eac0a0626044427cd3daa169d5dc683d?s=96&d=mm&r=g","caption":"Taroco"},"description":"We love to travel and write about travel, I want to share with you the good part of this world that is so beautiful, make yourself comfortable and enjoy the information on Coupon Travel","url":"https:\/\/www.cupomviagem.com.br\/en\/author\/cupomviagem\/"}]}},"_links":{"self":[{"href":"https:\/\/www.cupomviagem.com.br\/en\/wp-json\/wp\/v2\/posts\/16409","targetHints":{"allow":["GET"]}}],"collection":[{"href":"https:\/\/www.cupomviagem.com.br\/en\/wp-json\/wp\/v2\/posts"}],"about":[{"href":"https:\/\/www.cupomviagem.com.br\/en\/wp-json\/wp\/v2\/types\/post"}],"author":[{"embeddable":true,"href":"https:\/\/www.cupomviagem.com.br\/en\/wp-json\/wp\/v2\/users\/1"}],"replies":[{"embeddable":true,"href":"https:\/\/www.cupomviagem.com.br\/en\/wp-json\/wp\/v2\/comments?post=16409"}],"version-history":[{"count":2,"href":"https:\/\/www.cupomviagem.com.br\/en\/wp-json\/wp\/v2\/posts\/16409\/revisions"}],"predecessor-version":[{"id":16412,"href":"https:\/\/www.cupomviagem.com.br\/en\/wp-json\/wp\/v2\/posts\/16409\/revisions\/16412"}],"wp:featuredmedia":[{"embeddable":true,"href":"https:\/\/www.cupomviagem.com.br\/en\/wp-json\/wp\/v2\/media\/16411"}],"wp:attachment":[{"href":"https:\/\/www.cupomviagem.com.br\/en\/wp-json\/wp\/v2\/media?parent=16409"}],"wp:term":[{"taxonomy":"category","embeddable":true,"href":"https:\/\/www.cupomviagem.com.br\/en\/wp-json\/wp\/v2\/categories?post=16409"},{"taxonomy":"post_tag","embeddable":true,"href":"https:\/\/www.cupomviagem.com.br\/en\/wp-json\/wp\/v2\/tags?post=16409"}],"curies":[{"name":"wp","href":"https:\/\/api.w.org\/{rel}","templated":true}]}}